{"id":750,"date":"2016-07-25T17:15:19","date_gmt":"2016-07-25T15:15:19","guid":{"rendered":"http:\/\/www.villafedora.it\/residence\/?p=750"},"modified":"2018-12-27T15:49:31","modified_gmt":"2018-12-27T14:49:31","slug":"monolocale-perfetto-per-dormire-al-corno-alle-scale","status":"publish","type":"post","link":"https:\/\/www.villafedora.it\/residence\/appartamenti\/monolocale-perfetto-per-dormire-al-corno-alle-scale","title":{"rendered":"Monolocale: perfetto per dormire al Corno alle Scale"},"content":{"rendered":"<p>[et_pb_section bb_built=&#8221;1&#8243; background_color=&#8221;#ffffff&#8221; fullwidth=&#8221;on&#8221; _builder_version=&#8221;3.0.47&#8243; transparent_background=&#8221;off&#8221; next_background_color=&#8221;#000000&#8243;][et_pb_fullwidth_slider _builder_version=&#8221;3.0.47&#8243; background_size=&#8221;default&#8221; background_position=&#8221;default&#8221; custom_padding=&#8221;200px||200px|&#8221; custom_padding_tablet=&#8221;|||&#8221; custom_padding_phone=&#8221;|||&#8221; auto=&#8221;on&#8221; auto_speed=&#8221;5000&#8243; top_padding=&#8221;200px&#8221; bottom_padding=&#8221;200px&#8221; remove_inner_shadow=&#8221;off&#8221; hide_content_on_mobile=&#8221;off&#8221; hide_cta_on_mobile=&#8221;off&#8221; saved_tabs=&#8221;all&#8221; show_inner_shadow=&#8221;on&#8221; show_content_on_mobile=&#8221;on&#8221; show_cta_on_mobile=&#8221;on&#8221; box_shadow_horizontal=&#8221;0px&#8221; box_shadow_vertical=&#8221;0px&#8221; box_shadow_blur=&#8221;10px&#8221; box_shadow_spread=&#8221;0px&#8221; box_shadow_position=&#8221;inner&#8221; box_shadow_color=&#8221;rgba(0,0,0,0.1)&#8221; box_shadow_style=&#8221;preset6&#8243; button_text_size__hover_enabled=&#8221;off&#8221; button_text_size__hover=&#8221;null&#8221; button_one_text_size__hover_enabled=&#8221;off&#8221; button_one_text_size__hover=&#8221;null&#8221; button_two_text_size__hover_enabled=&#8221;off&#8221; button_two_text_size__hover=&#8221;null&#8221; button_text_color__hover_enabled=&#8221;off&#8221; button_text_color__hover=&#8221;null&#8221; button_one_text_color__hover_enabled=&#8221;off&#8221; button_one_text_color__hover=&#8221;null&#8221; button_two_text_color__hover_enabled=&#8221;off&#8221; button_two_text_color__hover=&#8221;null&#8221; button_border_width__hover_enabled=&#8221;off&#8221; button_border_width__hover=&#8221;null&#8221; button_one_border_width__hover_enabled=&#8221;off&#8221; button_one_border_width__hover=&#8221;null&#8221; button_two_border_width__hover_enabled=&#8221;off&#8221; button_two_border_width__hover=&#8221;null&#8221; button_border_color__hover_enabled=&#8221;off&#8221; button_border_color__hover=&#8221;null&#8221; button_one_border_color__hover_enabled=&#8221;off&#8221; button_one_border_color__hover=&#8221;null&#8221; button_two_border_color__hover_enabled=&#8221;off&#8221; button_two_border_color__hover=&#8221;null&#8221; button_border_radius__hover_enabled=&#8221;off&#8221; button_border_radius__hover=&#8221;null&#8221; button_one_border_radius__hover_enabled=&#8221;off&#8221; button_one_border_radius__hover=&#8221;null&#8221; button_two_border_radius__hover_enabled=&#8221;off&#8221; button_two_border_radius__hover=&#8221;null&#8221; button_letter_spacing__hover_enabled=&#8221;off&#8221; button_letter_spacing__hover=&#8221;null&#8221; button_one_letter_spacing__hover_enabled=&#8221;off&#8221; button_one_letter_spacing__hover=&#8221;null&#8221; button_two_letter_spacing__hover_enabled=&#8221;off&#8221; button_two_letter_spacing__hover=&#8221;null&#8221; button_bg_color__hover_enabled=&#8221;off&#8221; button_bg_color__hover=&#8221;null&#8221; button_one_bg_color__hover_enabled=&#8221;off&#8221; button_one_bg_color__hover=&#8221;null&#8221; button_two_bg_color__hover_enabled=&#8221;off&#8221; button_two_bg_color__hover=&#8221;null&#8221;][et_pb_slide use_bg_overlay=&#8221;off&#8221; use_text_overlay=&#8221;off&#8221; _builder_version=&#8221;3.0.47&#8243; header_font=&#8221;||||&#8221; body_font=&#8221;||||&#8221; background_image=&#8221;https:\/\/www.villafedora.it\/residence\/wp-content\/uploads\/2014\/07\/36_soggiorno4.jpg&#8221; background_size=&#8221;default&#8221; background_position=&#8221;default&#8221; custom_button=&#8221;off&#8221; button_icon_placement=&#8221;right&#8221; button_on_hover=&#8221;on&#8221;][\/et_pb_slide][et_pb_slide use_bg_overlay=&#8221;off&#8221; use_text_overlay=&#8221;off&#8221; _builder_version=&#8221;3.0.47&#8243; header_font=&#8221;||||&#8221; body_font=&#8221;||||&#8221; background_image=&#8221;https:\/\/www.villafedora.it\/residence\/wp-content\/uploads\/2014\/07\/36_camera.jpg&#8221; background_size=&#8221;default&#8221; background_position=&#8221;default&#8221; custom_button=&#8221;off&#8221; button_icon_placement=&#8221;right&#8221; button_on_hover=&#8221;on&#8221;][\/et_pb_slide][et_pb_slide use_bg_overlay=&#8221;off&#8221; use_text_overlay=&#8221;off&#8221; _builder_version=&#8221;3.0.47&#8243; header_font=&#8221;||||&#8221; body_font=&#8221;||||&#8221; background_image=&#8221;https:\/\/www.villafedora.it\/residence\/wp-content\/uploads\/2014\/07\/36_soggiorno3.jpg&#8221; background_size=&#8221;default&#8221; background_position=&#8221;default&#8221; custom_button=&#8221;off&#8221; button_icon_placement=&#8221;right&#8221; button_on_hover=&#8221;on&#8221;][\/et_pb_slide][\/et_pb_fullwidth_slider][\/et_pb_section][et_pb_section bb_built=&#8221;1&#8243; background_color=&#8221;#ffffff&#8221; _builder_version=&#8221;3.0.47&#8243; transparent_background=&#8221;off&#8221; prev_background_color=&#8221;#000000&#8243; next_background_color=&#8221;#000000&#8243;][et_pb_row _builder_version=&#8221;3.0.47&#8243; background_size=&#8221;initial&#8221; background_position=&#8221;top_left&#8221; background_repeat=&#8221;repeat&#8221;][et_pb_column type=&#8221;4_4&#8243;][et_pb_text _builder_version=&#8221;3.17.6&#8243; background_size=&#8221;initial&#8221; background_position=&#8221;top_left&#8221; background_repeat=&#8221;repeat&#8221;]<\/p>\n<h1>Monolocale: la sistemazione perfetta per una vacanza in famiglia!<\/h1>\n<p>Se non hai ancora deciso dove <strong>dormire al Corno alle Scale<\/strong> scegli una delle nostre graziose e semplici sistemazioni che possono accogliere sino a quattro persone. Alcuni di questi appartamenti sono dotati di balconi sulla via principale.<\/p>\n<p>Composti da una zona giorno, calda ed accogliente, con angolo cottura attrezzato con frigo, fornelli, stoviglie e volendo il forno elettrico.<br \/>Completano l&#8217;arredamento il divano (che pu\u00f2 diventare letto all&#8217;occorrenza), televisione e tavolo con quattro sedie.<\/p>\n<p>La zona notte \u00e8 divisa, ma non \u00e8 separata da nessuna porta: i nostri monolocali sono un ambiente open space. I monolocali, cos\u00ec come gli altri appartamenti, sono dotati di bagno privato con doccia.<\/p>\n<p>Ti ricordiamo che scegliendo <strong>Villa Fedora<\/strong> potrai usufruire di <strong>sconti e vantaggi<\/strong> esclusivi come ingressi al cinema, sconti su skipass e ingressi in piscina (in estate), sconti per il centro termale di Porretta Terme, convenzioni con bar e ristoranti della zona! <\/p>\n<h4>Questi sono alcuni dei servizi dedicati ai nostri clienti:<\/h4>\n<ul>\n<li>Informazioni e portineria<\/li>\n<li>Lavanderia e cambio biancheria<\/li>\n<li>Prenotazione nei ristoranti e pizzerie convenzionate<\/li>\n<li>Prenotazione pasti da asporto presso le rosticcerie e i ristoranti di Lizzano<\/li>\n<li>Parcheggio privato<\/li>\n<li>Wifi<\/li>\n<li>Pulizia dell\u2019appartamento<\/li>\n<li>Uso della libreria<\/li>\n<li>Ciaspole, biciclette e sci da fondo in prestito per divertirsi nella natura<\/li>\n<\/ul>\n<p>Compila il form in fondo alla pagina e inizia subito a pianificare il tuo soggiorno o il tuo weekend romantico in montagna, al Corno alle Scale!<\/p>\n<p>Visita la pagina delle <a href=\"https:\/\/www.villafedora.it\/residence\/tariffe\">tariffe<\/a> per scoprire i <strong>vantaggi<\/strong> del residence Villa Fedora (offerte per la bassa stagione, soggiorni in settimana, b&amp;b e molto altro).<\/p>\n<p>[\/et_pb_text][\/et_pb_column][\/et_pb_row][\/et_pb_section][et_pb_section bb_built=&#8221;1&#8243; custom_padding_last_edited=&#8221;on|desktop&#8221; disabled_on=&#8221;off|off|off&#8221; _builder_version=&#8221;3.0.74&#8243; background_color=&#8221;#ffffff&#8221; custom_padding_tablet=&#8221;50px|0|50px|0&#8243; custom_css_main_element=&#8221; width: 80%;|||| border-top-left-radius: 4%;|| border-top-right-radius: 4%;||&#8221; transparent_background=&#8221;off&#8221; custom_padding=&#8221;0|0px|50px|0px|false|false&#8221; prev_background_color=&#8221;#000000&#8243; next_background_color=&#8221;#000000&#8243; global_module=&#8221;874&#8243;][et_pb_row global_parent=&#8221;874&#8243; _builder_version=&#8221;3.0.47&#8243; background_size=&#8221;initial&#8221; background_position=&#8221;top_left&#8221; background_repeat=&#8221;repeat&#8221;][et_pb_column type=&#8221;4_4&#8243;][et_pb_contact_form global_parent=&#8221;874&#8243; captcha=&#8221;off&#8221; email=&#8221;info@villafedora.it&#8221; title=&#8221;Modulo richiesta informazioni&#8221; success_message=&#8221;Messaggio correttamente inviato&#8221; module_id=&#8221;et_pb_contact_form_0&#8243; _builder_version=&#8221;3.0.87&#8243; border_radii=&#8221;on|0px|0px|0px|0px&#8221; use_border_color=&#8221;off&#8221; border_color=&#8221;#ffffff&#8221; border_width=&#8221;1px&#8221; border_style=&#8221;solid&#8221; input_border_radius=&#8221;0&#8243; button_letter_spacing_hover=&#8221;0&#8243;][et_pb_contact_field field_id=&#8221;Name&#8221; field_title=&#8221;Nome&#8221; _builder_version=&#8221;3.16&#8243; border_radii=&#8221;on|0px|0px|0px|0px&#8221; input_border_radius=&#8221;0&#8243; button_text_size__hover_enabled=&#8221;off&#8221; button_one_text_size__hover_enabled=&#8221;off&#8221; button_two_text_size__hover_enabled=&#8221;off&#8221; button_text_color__hover_enabled=&#8221;off&#8221; button_one_text_color__hover_enabled=&#8221;off&#8221; button_two_text_color__hover_enabled=&#8221;off&#8221; button_border_width__hover_enabled=&#8221;off&#8221; button_one_border_width__hover_enabled=&#8221;off&#8221; button_two_border_width__hover_enabled=&#8221;off&#8221; button_border_color__hover_enabled=&#8221;off&#8221; button_one_border_color__hover_enabled=&#8221;off&#8221; button_two_border_color__hover_enabled=&#8221;off&#8221; button_border_radius__hover_enabled=&#8221;off&#8221; button_one_border_radius__hover_enabled=&#8221;off&#8221; button_two_border_radius__hover_enabled=&#8221;off&#8221; button_letter_spacing__hover_enabled=&#8221;off&#8221; button_one_letter_spacing__hover_enabled=&#8221;off&#8221; button_two_letter_spacing__hover_enabled=&#8221;off&#8221; button_bg_color__hover_enabled=&#8221;off&#8221; button_one_bg_color__hover_enabled=&#8221;off&#8221; button_two_bg_color__hover_enabled=&#8221;off&#8221;][\/et_pb_contact_field][et_pb_contact_field field_id=&#8221;Email&#8221; field_title=&#8221;Indirizzo e-mail&#8221; field_type=&#8221;email&#8221; _builder_version=&#8221;3.16&#8243; border_radii=&#8221;on|0px|0px|0px|0px&#8221; input_border_radius=&#8221;0&#8243; button_text_size__hover_enabled=&#8221;off&#8221; button_one_text_size__hover_enabled=&#8221;off&#8221; button_two_text_size__hover_enabled=&#8221;off&#8221; button_text_color__hover_enabled=&#8221;off&#8221; button_one_text_color__hover_enabled=&#8221;off&#8221; button_two_text_color__hover_enabled=&#8221;off&#8221; button_border_width__hover_enabled=&#8221;off&#8221; button_one_border_width__hover_enabled=&#8221;off&#8221; button_two_border_width__hover_enabled=&#8221;off&#8221; button_border_color__hover_enabled=&#8221;off&#8221; button_one_border_color__hover_enabled=&#8221;off&#8221; button_two_border_color__hover_enabled=&#8221;off&#8221; button_border_radius__hover_enabled=&#8221;off&#8221; button_one_border_radius__hover_enabled=&#8221;off&#8221; button_two_border_radius__hover_enabled=&#8221;off&#8221; button_letter_spacing__hover_enabled=&#8221;off&#8221; button_one_letter_spacing__hover_enabled=&#8221;off&#8221; button_two_letter_spacing__hover_enabled=&#8221;off&#8221; button_bg_color__hover_enabled=&#8221;off&#8221; button_one_bg_color__hover_enabled=&#8221;off&#8221; button_two_bg_color__hover_enabled=&#8221;off&#8221;][\/et_pb_contact_field][et_pb_contact_field field_id=&#8221;Message&#8221; field_title=&#8221;Messaggio&#8221; field_type=&#8221;text&#8221; _builder_version=&#8221;3.16&#8243; border_radii=&#8221;on|0px|0px|0px|0px&#8221; input_border_radius=&#8221;0&#8243; button_text_size__hover_enabled=&#8221;off&#8221; button_one_text_size__hover_enabled=&#8221;off&#8221; button_two_text_size__hover_enabled=&#8221;off&#8221; button_text_color__hover_enabled=&#8221;off&#8221; button_one_text_color__hover_enabled=&#8221;off&#8221; button_two_text_color__hover_enabled=&#8221;off&#8221; button_border_width__hover_enabled=&#8221;off&#8221; button_one_border_width__hover_enabled=&#8221;off&#8221; button_two_border_width__hover_enabled=&#8221;off&#8221; button_border_color__hover_enabled=&#8221;off&#8221; button_one_border_color__hover_enabled=&#8221;off&#8221; button_two_border_color__hover_enabled=&#8221;off&#8221; button_border_radius__hover_enabled=&#8221;off&#8221; button_one_border_radius__hover_enabled=&#8221;off&#8221; button_two_border_radius__hover_enabled=&#8221;off&#8221; button_letter_spacing__hover_enabled=&#8221;off&#8221; button_one_letter_spacing__hover_enabled=&#8221;off&#8221; button_two_letter_spacing__hover_enabled=&#8221;off&#8221; button_bg_color__hover_enabled=&#8221;off&#8221; button_one_bg_color__hover_enabled=&#8221;off&#8221; button_two_bg_color__hover_enabled=&#8221;off&#8221;][\/et_pb_contact_field][\/et_pb_contact_form][et_pb_text global_parent=&#8221;874&#8243; _builder_version=&#8221;3.0.87&#8243; background_size=&#8221;initial&#8221; background_position=&#8221;top_left&#8221; background_repeat=&#8221;repeat&#8221; use_border_color=&#8221;off&#8221; border_style=&#8221;solid&#8221;]<\/p>\n<p><img loading=\"lazy\" decoding=\"async\" class=\"alignnone\" src=\"https:\/\/www.villafedora.it\/residence\/img\/logo_big.png\" width=\"268\" height=\"101\" \/><\/p>\n<p>Piazza Don A. Montanari, 3<br \/> 40042 Lizzano in Belvedere (BO) &#8211; Italy<\/p>\n<p>Tel: <span class=\"tel\">+39\u00a00534.51122<br \/> <\/span>Mobile:\u00a0<a href=\"tel:+39 320 0579203\">+39 320 0579203<\/a><br \/> Email: info@villafedora.it<br \/> P.iva: 00639031202<\/p>\n<p>[\/et_pb_text][\/et_pb_column][\/et_pb_row][\/et_pb_section][et_pb_section bb_built=&#8221;1&#8243; background_color=&#8221;#ffffff&#8221; disabled_on=&#8221;off|off|off&#8221; custom_padding_last_edited=&#8221;on|desktop&#8221; _builder_version=&#8221;3.0.47&#8243; custom_padding_tablet=&#8221;50px|0|50px|0&#8243; transparent_background=&#8221;off&#8221; padding_mobile=&#8221;off&#8221; prev_background_color=&#8221;#000000&#8243;][et_pb_row _builder_version=&#8221;3.0.47&#8243; background_size=&#8221;initial&#8221; background_position=&#8221;top_left&#8221; background_repeat=&#8221;repeat&#8221;][et_pb_column type=&#8221;4_4&#8243;][et_pb_blog admin_label=&#8221;camere Blog&#8221; fullwidth=&#8221;off&#8221; posts_number=&#8221;3&#8243; include_categories=&#8221;10&#8243; show_more=&#8221;on&#8221; show_author=&#8221;off&#8221; show_date=&#8221;off&#8221; show_categories=&#8221;off&#8221; show_pagination=&#8221;off&#8221; offset_number=&#8221;0&#8243; use_overlay=&#8221;on&#8221; hover_overlay_color=&#8221;rgba(142,12,95,0.2)&#8221; hover_icon=&#8221;%%51%%&#8221; _builder_version=&#8221;3.0.47&#8243; use_border_color=&#8221;off&#8221; border_color=&#8221;#ffffff&#8221; border_style=&#8221;solid&#8221; use_dropshadow=&#8221;off&#8221; box_shadow_color=&#8221;rgba(0,0,0,0.3)&#8221; box_shadow_style=&#8221;none&#8221;]<\/p>\n<p>[\/et_pb_blog][\/et_pb_column][\/et_pb_row][et_pb_row _builder_version=&#8221;3.0.95&#8243;][et_pb_column type=&#8221;4_4&#8243;][et_pb_text _builder_version=&#8221;3.0.95&#8243;]<\/p>\n<p><strong>Altre soluzioni: <a href=\"https:\/\/www.villafedora.it\/residence\/gli-appartamenti\">affitti Corno alle Scale<\/a><\/strong><\/p>\n<p>[\/et_pb_text][\/et_pb_column][\/et_pb_row][\/et_pb_section]<\/p>\n","protected":false},"excerpt":{"rendered":"<p>Graziose e semplici sistemazioni, possono accogliere sino a quattro persone.<\/p>\n","protected":false},"author":1,"featured_media":137,"comment_status":"closed","ping_status":"open","sticky":false,"template":"","format":"standard","meta":{"_et_pb_use_builder":"on","_et_pb_old_content":"<p>Graziose e semplici sistemazioni che possono accogliere sino a 4 persone, alcuni sono dotati di balconi sulla via principale.<\/p>","_et_gb_content_width":"","footnotes":""},"categories":[10],"tags":[],"class_list":["post-750","post","type-post","status-publish","format-standard","has-post-thumbnail","hentry","category-appartamenti"],"yoast_head":"<!-- This site is optimized with the Yoast SEO plugin v27.3 - https:\/\/yoast.com\/product\/yoast-seo-wordpress\/ -->\n<title>Appartamento monolocale in affitto al Corno alle Scale - Villa Fedora<\/title>\n<meta name=\"description\" content=\"Se non hai ancora deciso dove dormire al Corno alle Scale scopri tutti i vantaggi degli appartamenti del residence Villa Fedora!\" \/>\n<meta name=\"robots\" content=\"index, follow, max-snippet:-1, max-image-preview:large, max-video-preview:-1\" \/>\n<link rel=\"canonical\" href=\"https:\/\/www.villafedora.it\/residence\/appartamenti\/monolocale-perfetto-per-dormire-al-corno-alle-scale\" \/>\n<meta property=\"og:locale\" content=\"it_IT\" \/>\n<meta property=\"og:type\" content=\"article\" \/>\n<meta property=\"og:title\" content=\"Appartamento monolocale in affitto al Corno alle Scale - Villa Fedora\" \/>\n<meta property=\"og:description\" content=\"Se non hai ancora deciso dove dormire al Corno alle Scale scopri tutti i vantaggi degli appartamenti del residence Villa Fedora!\" \/>\n<meta property=\"og:url\" content=\"https:\/\/www.villafedora.it\/residence\/appartamenti\/monolocale-perfetto-per-dormire-al-corno-alle-scale\" \/>\n<meta property=\"og:site_name\" content=\"Residence Villa Fedora\" \/>\n<meta property=\"article:publisher\" content=\"https:\/\/www.facebook.com\/villafedora\" \/>\n<meta property=\"article:published_time\" content=\"2016-07-25T15:15:19+00:00\" \/>\n<meta property=\"article:modified_time\" content=\"2018-12-27T14:49:31+00:00\" \/>\n<meta property=\"og:image\" content=\"https:\/\/www.villafedora.it\/residence\/wp-content\/uploads\/2014\/07\/33_soggiorno_camera.jpg\" \/>\n\t<meta property=\"og:image:width\" content=\"1920\" \/>\n\t<meta property=\"og:image:height\" content=\"835\" \/>\n\t<meta property=\"og:image:type\" content=\"image\/jpeg\" \/>\n<meta name=\"author\" content=\"admin\" \/>\n<meta name=\"twitter:card\" content=\"summary_large_image\" \/>\n<meta name=\"twitter:label1\" content=\"Scritto da\" \/>\n\t<meta name=\"twitter:data1\" content=\"admin\" \/>\n\t<meta name=\"twitter:label2\" content=\"Tempo di lettura stimato\" \/>\n\t<meta name=\"twitter:data2\" content=\"8 minuti\" \/>\n<script type=\"application\/ld+json\" class=\"yoast-schema-graph\">{\"@context\":\"https:\\\/\\\/schema.org\",\"@graph\":[{\"@type\":\"Article\",\"@id\":\"https:\\\/\\\/www.villafedora.it\\\/residence\\\/appartamenti\\\/monolocale-perfetto-per-dormire-al-corno-alle-scale#article\",\"isPartOf\":{\"@id\":\"https:\\\/\\\/www.villafedora.it\\\/residence\\\/appartamenti\\\/monolocale-perfetto-per-dormire-al-corno-alle-scale\"},\"author\":{\"name\":\"admin\",\"@id\":\"https:\\\/\\\/www.villafedora.it\\\/residence\\\/#\\\/schema\\\/person\\\/2e64f53ddfdf7df5f3d48703bd80cffe\"},\"headline\":\"Monolocale: perfetto per dormire al Corno alle Scale\",\"datePublished\":\"2016-07-25T15:15:19+00:00\",\"dateModified\":\"2018-12-27T14:49:31+00:00\",\"mainEntityOfPage\":{\"@id\":\"https:\\\/\\\/www.villafedora.it\\\/residence\\\/appartamenti\\\/monolocale-perfetto-per-dormire-al-corno-alle-scale\"},\"wordCount\":1705,\"publisher\":{\"@id\":\"https:\\\/\\\/www.villafedora.it\\\/residence\\\/#organization\"},\"image\":{\"@id\":\"https:\\\/\\\/www.villafedora.it\\\/residence\\\/appartamenti\\\/monolocale-perfetto-per-dormire-al-corno-alle-scale#primaryimage\"},\"thumbnailUrl\":\"https:\\\/\\\/www.villafedora.it\\\/residence\\\/wp-content\\\/uploads\\\/2014\\\/07\\\/33_soggiorno_camera.jpg\",\"articleSection\":[\"Appartamenti\"],\"inLanguage\":\"it-IT\"},{\"@type\":\"WebPage\",\"@id\":\"https:\\\/\\\/www.villafedora.it\\\/residence\\\/appartamenti\\\/monolocale-perfetto-per-dormire-al-corno-alle-scale\",\"url\":\"https:\\\/\\\/www.villafedora.it\\\/residence\\\/appartamenti\\\/monolocale-perfetto-per-dormire-al-corno-alle-scale\",\"name\":\"Appartamento monolocale in affitto al Corno alle Scale - Villa Fedora\",\"isPartOf\":{\"@id\":\"https:\\\/\\\/www.villafedora.it\\\/residence\\\/#website\"},\"primaryImageOfPage\":{\"@id\":\"https:\\\/\\\/www.villafedora.it\\\/residence\\\/appartamenti\\\/monolocale-perfetto-per-dormire-al-corno-alle-scale#primaryimage\"},\"image\":{\"@id\":\"https:\\\/\\\/www.villafedora.it\\\/residence\\\/appartamenti\\\/monolocale-perfetto-per-dormire-al-corno-alle-scale#primaryimage\"},\"thumbnailUrl\":\"https:\\\/\\\/www.villafedora.it\\\/residence\\\/wp-content\\\/uploads\\\/2014\\\/07\\\/33_soggiorno_camera.jpg\",\"datePublished\":\"2016-07-25T15:15:19+00:00\",\"dateModified\":\"2018-12-27T14:49:31+00:00\",\"description\":\"Se non hai ancora deciso dove dormire al Corno alle Scale scopri tutti i vantaggi degli appartamenti del residence Villa Fedora!\",\"breadcrumb\":{\"@id\":\"https:\\\/\\\/www.villafedora.it\\\/residence\\\/appartamenti\\\/monolocale-perfetto-per-dormire-al-corno-alle-scale#breadcrumb\"},\"inLanguage\":\"it-IT\",\"potentialAction\":[{\"@type\":\"ReadAction\",\"target\":[\"https:\\\/\\\/www.villafedora.it\\\/residence\\\/appartamenti\\\/monolocale-perfetto-per-dormire-al-corno-alle-scale\"]}]},{\"@type\":\"ImageObject\",\"inLanguage\":\"it-IT\",\"@id\":\"https:\\\/\\\/www.villafedora.it\\\/residence\\\/appartamenti\\\/monolocale-perfetto-per-dormire-al-corno-alle-scale#primaryimage\",\"url\":\"https:\\\/\\\/www.villafedora.it\\\/residence\\\/wp-content\\\/uploads\\\/2014\\\/07\\\/33_soggiorno_camera.jpg\",\"contentUrl\":\"https:\\\/\\\/www.villafedora.it\\\/residence\\\/wp-content\\\/uploads\\\/2014\\\/07\\\/33_soggiorno_camera.jpg\",\"width\":1920,\"height\":835},{\"@type\":\"BreadcrumbList\",\"@id\":\"https:\\\/\\\/www.villafedora.it\\\/residence\\\/appartamenti\\\/monolocale-perfetto-per-dormire-al-corno-alle-scale#breadcrumb\",\"itemListElement\":[{\"@type\":\"ListItem\",\"position\":1,\"name\":\"Home\",\"item\":\"https:\\\/\\\/www.villafedora.it\\\/residence\\\/\"},{\"@type\":\"ListItem\",\"position\":2,\"name\":\"Monolocale: perfetto per dormire al Corno alle Scale\"}]},{\"@type\":\"WebSite\",\"@id\":\"https:\\\/\\\/www.villafedora.it\\\/residence\\\/#website\",\"url\":\"https:\\\/\\\/www.villafedora.it\\\/residence\\\/\",\"name\":\"Residence Villa Fedora\",\"description\":\"La tua casa a Lizzano in Belvedere\",\"publisher\":{\"@id\":\"https:\\\/\\\/www.villafedora.it\\\/residence\\\/#organization\"},\"potentialAction\":[{\"@type\":\"SearchAction\",\"target\":{\"@type\":\"EntryPoint\",\"urlTemplate\":\"https:\\\/\\\/www.villafedora.it\\\/residence\\\/?s={search_term_string}\"},\"query-input\":{\"@type\":\"PropertyValueSpecification\",\"valueRequired\":true,\"valueName\":\"search_term_string\"}}],\"inLanguage\":\"it-IT\"},{\"@type\":\"Organization\",\"@id\":\"https:\\\/\\\/www.villafedora.it\\\/residence\\\/#organization\",\"name\":\"Residence Villa Fedora\",\"url\":\"https:\\\/\\\/www.villafedora.it\\\/residence\\\/\",\"logo\":{\"@type\":\"ImageObject\",\"inLanguage\":\"it-IT\",\"@id\":\"https:\\\/\\\/www.villafedora.it\\\/residence\\\/#\\\/schema\\\/logo\\\/image\\\/\",\"url\":\"https:\\\/\\\/www.villafedora.it\\\/residence\\\/wp-content\\\/uploads\\\/2018\\\/01\\\/villa-fedora-logo_big.jpg\",\"contentUrl\":\"https:\\\/\\\/www.villafedora.it\\\/residence\\\/wp-content\\\/uploads\\\/2018\\\/01\\\/villa-fedora-logo_big.jpg\",\"width\":238,\"height\":90,\"caption\":\"Residence Villa Fedora\"},\"image\":{\"@id\":\"https:\\\/\\\/www.villafedora.it\\\/residence\\\/#\\\/schema\\\/logo\\\/image\\\/\"},\"sameAs\":[\"https:\\\/\\\/www.facebook.com\\\/villafedora\",\"https:\\\/\\\/www.instagram.com\\\/germy_villa_fedora\\\/\"]},{\"@type\":\"Person\",\"@id\":\"https:\\\/\\\/www.villafedora.it\\\/residence\\\/#\\\/schema\\\/person\\\/2e64f53ddfdf7df5f3d48703bd80cffe\",\"name\":\"admin\"}]}<\/script>\n<!-- \/ Yoast SEO plugin. -->","yoast_head_json":{"title":"Appartamento monolocale in affitto al Corno alle Scale - Villa Fedora","description":"Se non hai ancora deciso dove dormire al Corno alle Scale scopri tutti i vantaggi degli appartamenti del residence Villa Fedora!","robots":{"index":"index","follow":"follow","max-snippet":"max-snippet:-1","max-image-preview":"max-image-preview:large","max-video-preview":"max-video-preview:-1"},"canonical":"https:\/\/www.villafedora.it\/residence\/appartamenti\/monolocale-perfetto-per-dormire-al-corno-alle-scale","og_locale":"it_IT","og_type":"article","og_title":"Appartamento monolocale in affitto al Corno alle Scale - Villa Fedora","og_description":"Se non hai ancora deciso dove dormire al Corno alle Scale scopri tutti i vantaggi degli appartamenti del residence Villa Fedora!","og_url":"https:\/\/www.villafedora.it\/residence\/appartamenti\/monolocale-perfetto-per-dormire-al-corno-alle-scale","og_site_name":"Residence Villa Fedora","article_publisher":"https:\/\/www.facebook.com\/villafedora","article_published_time":"2016-07-25T15:15:19+00:00","article_modified_time":"2018-12-27T14:49:31+00:00","og_image":[{"width":1920,"height":835,"url":"https:\/\/www.villafedora.it\/residence\/wp-content\/uploads\/2014\/07\/33_soggiorno_camera.jpg","type":"image\/jpeg"}],"author":"admin","twitter_card":"summary_large_image","twitter_misc":{"Scritto da":"admin","Tempo di lettura stimato":"8 minuti"},"schema":{"@context":"https:\/\/schema.org","@graph":[{"@type":"Article","@id":"https:\/\/www.villafedora.it\/residence\/appartamenti\/monolocale-perfetto-per-dormire-al-corno-alle-scale#article","isPartOf":{"@id":"https:\/\/www.villafedora.it\/residence\/appartamenti\/monolocale-perfetto-per-dormire-al-corno-alle-scale"},"author":{"name":"admin","@id":"https:\/\/www.villafedora.it\/residence\/#\/schema\/person\/2e64f53ddfdf7df5f3d48703bd80cffe"},"headline":"Monolocale: perfetto per dormire al Corno alle Scale","datePublished":"2016-07-25T15:15:19+00:00","dateModified":"2018-12-27T14:49:31+00:00","mainEntityOfPage":{"@id":"https:\/\/www.villafedora.it\/residence\/appartamenti\/monolocale-perfetto-per-dormire-al-corno-alle-scale"},"wordCount":1705,"publisher":{"@id":"https:\/\/www.villafedora.it\/residence\/#organization"},"image":{"@id":"https:\/\/www.villafedora.it\/residence\/appartamenti\/monolocale-perfetto-per-dormire-al-corno-alle-scale#primaryimage"},"thumbnailUrl":"https:\/\/www.villafedora.it\/residence\/wp-content\/uploads\/2014\/07\/33_soggiorno_camera.jpg","articleSection":["Appartamenti"],"inLanguage":"it-IT"},{"@type":"WebPage","@id":"https:\/\/www.villafedora.it\/residence\/appartamenti\/monolocale-perfetto-per-dormire-al-corno-alle-scale","url":"https:\/\/www.villafedora.it\/residence\/appartamenti\/monolocale-perfetto-per-dormire-al-corno-alle-scale","name":"Appartamento monolocale in affitto al Corno alle Scale - Villa Fedora","isPartOf":{"@id":"https:\/\/www.villafedora.it\/residence\/#website"},"primaryImageOfPage":{"@id":"https:\/\/www.villafedora.it\/residence\/appartamenti\/monolocale-perfetto-per-dormire-al-corno-alle-scale#primaryimage"},"image":{"@id":"https:\/\/www.villafedora.it\/residence\/appartamenti\/monolocale-perfetto-per-dormire-al-corno-alle-scale#primaryimage"},"thumbnailUrl":"https:\/\/www.villafedora.it\/residence\/wp-content\/uploads\/2014\/07\/33_soggiorno_camera.jpg","datePublished":"2016-07-25T15:15:19+00:00","dateModified":"2018-12-27T14:49:31+00:00","description":"Se non hai ancora deciso dove dormire al Corno alle Scale scopri tutti i vantaggi degli appartamenti del residence Villa Fedora!","breadcrumb":{"@id":"https:\/\/www.villafedora.it\/residence\/appartamenti\/monolocale-perfetto-per-dormire-al-corno-alle-scale#breadcrumb"},"inLanguage":"it-IT","potentialAction":[{"@type":"ReadAction","target":["https:\/\/www.villafedora.it\/residence\/appartamenti\/monolocale-perfetto-per-dormire-al-corno-alle-scale"]}]},{"@type":"ImageObject","inLanguage":"it-IT","@id":"https:\/\/www.villafedora.it\/residence\/appartamenti\/monolocale-perfetto-per-dormire-al-corno-alle-scale#primaryimage","url":"https:\/\/www.villafedora.it\/residence\/wp-content\/uploads\/2014\/07\/33_soggiorno_camera.jpg","contentUrl":"https:\/\/www.villafedora.it\/residence\/wp-content\/uploads\/2014\/07\/33_soggiorno_camera.jpg","width":1920,"height":835},{"@type":"BreadcrumbList","@id":"https:\/\/www.villafedora.it\/residence\/appartamenti\/monolocale-perfetto-per-dormire-al-corno-alle-scale#breadcrumb","itemListElement":[{"@type":"ListItem","position":1,"name":"Home","item":"https:\/\/www.villafedora.it\/residence\/"},{"@type":"ListItem","position":2,"name":"Monolocale: perfetto per dormire al Corno alle Scale"}]},{"@type":"WebSite","@id":"https:\/\/www.villafedora.it\/residence\/#website","url":"https:\/\/www.villafedora.it\/residence\/","name":"Residence Villa Fedora","description":"La tua casa a Lizzano in Belvedere","publisher":{"@id":"https:\/\/www.villafedora.it\/residence\/#organization"},"potentialAction":[{"@type":"SearchAction","target":{"@type":"EntryPoint","urlTemplate":"https:\/\/www.villafedora.it\/residence\/?s={search_term_string}"},"query-input":{"@type":"PropertyValueSpecification","valueRequired":true,"valueName":"search_term_string"}}],"inLanguage":"it-IT"},{"@type":"Organization","@id":"https:\/\/www.villafedora.it\/residence\/#organization","name":"Residence Villa Fedora","url":"https:\/\/www.villafedora.it\/residence\/","logo":{"@type":"ImageObject","inLanguage":"it-IT","@id":"https:\/\/www.villafedora.it\/residence\/#\/schema\/logo\/image\/","url":"https:\/\/www.villafedora.it\/residence\/wp-content\/uploads\/2018\/01\/villa-fedora-logo_big.jpg","contentUrl":"https:\/\/www.villafedora.it\/residence\/wp-content\/uploads\/2018\/01\/villa-fedora-logo_big.jpg","width":238,"height":90,"caption":"Residence Villa Fedora"},"image":{"@id":"https:\/\/www.villafedora.it\/residence\/#\/schema\/logo\/image\/"},"sameAs":["https:\/\/www.facebook.com\/villafedora","https:\/\/www.instagram.com\/germy_villa_fedora\/"]},{"@type":"Person","@id":"https:\/\/www.villafedora.it\/residence\/#\/schema\/person\/2e64f53ddfdf7df5f3d48703bd80cffe","name":"admin"}]}},"_links":{"self":[{"href":"https:\/\/www.villafedora.it\/residence\/wp-json\/wp\/v2\/posts\/750","targetHints":{"allow":["GET"]}}],"collection":[{"href":"https:\/\/www.villafedora.it\/residence\/wp-json\/wp\/v2\/posts"}],"about":[{"href":"https:\/\/www.villafedora.it\/residence\/wp-json\/wp\/v2\/types\/post"}],"author":[{"embeddable":true,"href":"https:\/\/www.villafedora.it\/residence\/wp-json\/wp\/v2\/users\/1"}],"replies":[{"embeddable":true,"href":"https:\/\/www.villafedora.it\/residence\/wp-json\/wp\/v2\/comments?post=750"}],"version-history":[{"count":0,"href":"https:\/\/www.villafedora.it\/residence\/wp-json\/wp\/v2\/posts\/750\/revisions"}],"wp:featuredmedia":[{"embeddable":true,"href":"https:\/\/www.villafedora.it\/residence\/wp-json\/wp\/v2\/media\/137"}],"wp:attachment":[{"href":"https:\/\/www.villafedora.it\/residence\/wp-json\/wp\/v2\/media?parent=750"}],"wp:term":[{"taxonomy":"category","embeddable":true,"href":"https:\/\/www.villafedora.it\/residence\/wp-json\/wp\/v2\/categories?post=750"},{"taxonomy":"post_tag","embeddable":true,"href":"https:\/\/www.villafedora.it\/residence\/wp-json\/wp\/v2\/tags?post=750"}],"curies":[{"name":"wp","href":"https:\/\/api.w.org\/{rel}","templated":true}]}}